{"id":251,"date":"2008-06-15T11:35:22","date_gmt":"2008-06-15T14:35:22","guid":{"rendered":"http:\/\/site.b2ml.com.br\/abee\/?p=251"},"modified":"2019-09-02T11:36:02","modified_gmt":"2019-09-02T14:36:02","slug":"tecnologia-plc-powerline-communication","status":"publish","type":"post","link":"http:\/\/abee-mg.com.br\/abee\/?p=251","title":{"rendered":"Tecnologia PLC (Powerline Communication)"},"content":{"rendered":"\n<h2 class=\"wp-block-heading\">15\/06\/2008<\/h2>\n\n\n\n<p>Por<strong>&nbsp;Aderbal Borges<\/strong><\/p>\n\n\n\n<p>A Internet est\u00e1 se tornando, de forma crescente, uma ferramenta vital em nossa sociedade da informa\u00e7\u00e3o. A cada dia, mais pessoas buscam se tornarem \u201cconectados\u201d, a fim de poderem conduzir, de forma mais simples, r\u00e1pida e pr\u00e1tica, atividades di\u00e1rias tais como transa\u00e7\u00f5es banc\u00e1rias, correspond\u00eancia pessoal (e-mails), pesquisar novas informa\u00e7\u00f5es e compras. A cada ano, a obten\u00e7\u00e3o de avan\u00e7os econ\u00f4micos, educacionais e sociais fica mais dependente de se estar digitalmente conectado. Portanto, pessoas que n\u00e3o possuem acesso a estas ferramentas est\u00e3o atualmente em grande desvantagem em rela\u00e7\u00e3o \u00e0quelas que j\u00e1 usam a Internet para desenvolver v\u00e1rias de suas atividades di\u00e1rias.<br><br>Dessa forma, aumentar o n\u00edvel de inclus\u00e3o digital &#8211; pelo aumento do n\u00famero de brasileiros usando ferramentas tecnol\u00f3gicas da era digital &#8211; \u00e9 um objetivo vital e de import\u00e2ncia nacional e estrat\u00e9gica.&nbsp; A economia digital est\u00e1 movendo o Pa\u00eds para uma maior prosperidade. O objetivo da inclus\u00e3o digital \u00e9 buscar que todos os brasileiros (ou pelo menos a grande maioria deles), independentemente de idade, sexo, renda, ra\u00e7a, origem \u00e9tnica, n\u00edvel de excepcionalidade ou localiza\u00e7\u00e3o geogr\u00e1fica, ganhem acesso \u00e0s ferramentas e habilidades tecnol\u00f3gicas necess\u00e1rias na nova economia.<br><br>Os Governos Federal, Estadual e Municipal, v\u00eam desenvolvendo iniciativas diversas, visando reduzir a exclus\u00e3o digital e promover uma crescente participa\u00e7\u00e3o da popula\u00e7\u00e3o menos favorecida na economia digital. A maior e principal iniciativa em andamento tem sido voltada para a inclus\u00e3o digital das escolas p\u00fablicas dos n\u00edveis fundamental e b\u00e1sico.&nbsp; Os Programas GE SAC, PC Conectado e Casa Brasil, s\u00e3o algumas das \u00faltimas iniciativas em discuss\u00e3o no Governo Federal, que objetivam a amplia\u00e7\u00e3o da inclus\u00e3o digital, particularmente nas \u00e1reas de educa\u00e7\u00e3o, sa\u00fade e governo eletr\u00f4nico (e-gov).&nbsp; Entretanto, apesar destas iniciativas, o Brasil ainda est\u00e1 longe de poder garantir a inclus\u00e3o digital dos brasileiros.<br><br>Como podemos observar, atualmente cerca de 10% da popula\u00e7\u00e3o brasileira tem acesso \u00e0 Internet, mas apenas 12% destes, ou seja, 1,2% da popula\u00e7\u00e3o, tem acesso a banda larga, muito embora estima-se chegar a 2% da popula\u00e7\u00e3o com banda larga at\u00e9 o final de 2005. Estes \u00edndices mostram uma situa\u00e7\u00e3o muito cr\u00edtica para a inclus\u00e3o digital brasileira, apesar de, em termos quantitativos, o Brasil estar compar\u00e1vel a outros pa\u00edses desenvolvidos. Segundo a UIT, em 2003 o Brasil era o 11\u00ba no mundo em n\u00famero de usu\u00e1rios de internet, o 5\u00ba em n\u00famero de Hosts (servidores) e o 10\u00ba em n\u00famero de PCs no mundo. Nas Am\u00e9ricas, o Brasil se colocava em 3\u00ba. lugar, atr\u00e1s apenas do Canad\u00e1 e dos Estados Unidos. (Fonte: UIT 2003) No entanto, a inclus\u00e3o digital s\u00f3 ser\u00e1 verdadeiramente atingida com o acesso banda larga, situa\u00e7\u00e3o na qual o usu\u00e1rio poder\u00e1 acessar amplamente os recursos da Internet. Al\u00e9m disso, o acesso banda larga tamb\u00e9m \u00e9 importante para a viabiliza\u00e7\u00e3o de novas tecnologias, como VoIP.<br><br>Neste sentido, a situa\u00e7\u00e3o do Brasil \u00e9 muito cr\u00edtica, notadamente quando comparada a Pa\u00edses do Primeiro Mundo, conforme mostrado acima. Os n\u00fameros de acesso \u00e0 Internet mostrados na Tabela acima n\u00e3o s\u00e3o oficiais, por n\u00e3o existir uma fonte que pesquise sistematicamente o n\u00famero de usu\u00e1rios de internet no Brasil. O \u00faltimo n\u00famero publicado pela UIT e que \u00e9 adotado internacionalmente, \u00e9 o de 2002 e que apontava a exist\u00eancia de 14,3 milh\u00f5es de usu\u00e1rios.<br><br>Utilizando-se dados do IBGE (PNAD) e tamb\u00e9m do Ibope\/netratings, verifica-se que, ao contr\u00e1rio do n\u00famero de acessos banda larga, o n\u00famero de usu\u00e1rios domiciliares de internet no Brasil manteve-se est\u00e1vel em 2004. Observa-se, pois, uma tend\u00eancia \u00e0 estabiliza\u00e7\u00e3o no n\u00famero de acessos \u00e0 Internet em torno de 10-12%, enquanto ainda cresce o percentual de usu\u00e1rios com acesso banda larga. Este crescimento no n\u00famero de acessos banda larga vem ocorrendo particularmente em virtude das cont\u00ednuas redu\u00e7\u00f5es nos pre\u00e7os destes acessos. Divulga\u00e7\u00f5es de resultados de pesquisas recentes mostram que 53% dos internautas com acesso discado est\u00e3o dispostos a adquirir servi\u00e7os banda larga, mas 71% destes apontam que os custos destes servi\u00e7os est\u00e3o muito acima do desejado.<br><br>Dados levantados pela Pesquisa Nacional por Amostragem Domiciliar (PNAD), da Funda\u00e7\u00e3o Instituto Brasileiro de Geografia e Estat\u00edstica (IBGE), de 2001, mostravam que dos 46,5 milh\u00f5es de domic\u00edlios do Pa\u00eds com servi\u00e7os e bens dur\u00e1veis (quadro que muitos denominam de inclus\u00e3o eletroeletr\u00f4nica): a) 96% deles t\u00eam ilumina\u00e7\u00e3o el\u00e9trica; b) 89% t\u00eam televis\u00e3o; c) 88% t\u00eam r\u00e1dio; d) 85,7% t\u00eam geladeira; e) 58,9% t\u00eam telefone; f) 12,6% t\u00eam computador; g) 8,6% acessam a internet. Vemos, pois, que a rede de energia el\u00e9trica tem uma capilaridade quase absoluta, atingindo 96% dos domic\u00edlios brasileiros (estimativas de 2002 apontavam cerca de 99% dos domic\u00edlios brasileiros com luz el\u00e9trica).<br><br>A tecnologia PLC (Powerline Communication), que apenas nos \u00faltimos anos vem tendo aplica\u00e7\u00f5es e usos disseminados a n\u00edvel mundial, caracteriza-se como uma tecnologia de R\u00e1dio Frequ\u00eancia (RF) que utiliza a rede el\u00e9trica de distribui\u00e7\u00e3o (tipicamente as redes de m\u00e9dia e baixa tens\u00e3o) como meio de transporte para a transmiss\u00e3o de dados em alta velocidade.<br><br>A situa\u00e7\u00e3o atual da tecnologia PLC e, em especial, dos produtos j\u00e1 dispon\u00edveis para uso no mercado, pode ser assim resumida:<br>disponibiliza canais de comunica\u00e7\u00e3o com taxas de at\u00e9 200Mbps, possibilitando aplica\u00e7\u00f5es de acesso b\u00e1sico internet, voz, dados e distribui\u00e7\u00e3o de v\u00eddeo e a\u00fadio;<br>utiliza toda a cabea\u00e7\u00e3o da rede el\u00e9trica de m\u00e9dia e baixa tens\u00e3o, acoplando \u00e0 rede equipamentos que, sem interferir na condu\u00e7\u00e3o normal da energia el\u00e9trica, inserem os sinais de dados na rede.<br><br>Como consequ\u00eancia, transforma potencialmente cada tomada de energia j\u00e1 existente em um ponto de acesso a uma rede de comunica\u00e7\u00e3o de dados. Em uma arquitetura t\u00edpica na baixa tens\u00e3o, \u00e9 instalado um equipamento denominado \u00b4Head End\u00b4 ou \u00b4Mestre\u00b4 (Master) em algum ponto da rede de baixa tens\u00e3o, em geral pr\u00f3ximo ao transformador que alimenta esta rede. Este equipamento Mestre faz interface entre o \u00b4backbone\u00b4 de dados dispon\u00edvel com os modems PLC instalados em qualquer tomada interna dos usu\u00e1rios. Toda a rede de baixa tens\u00e3o transforma-se assim numa grande rede local com taxas de at\u00e9 200Mbps. Somente na rede de baixa tens\u00e3o j\u00e1 se pode propagar os sinais digitais por dist\u00e2ncias de at\u00e9 1,5 km com a tecnologia PLC, sem uso de repetidores. Ao estar dominada a propaga\u00e7\u00e3o pela rede de m\u00e9dia tens\u00e3o, em breve, esta dist\u00e2ncia poder\u00e1 superar os 5 km.<br><br>Diversas experi\u00eancias j\u00e1 foram realizadas no Brasil, no sentido de se avaliar as potencialidades da tecnologia PLC para transmiss\u00e3o de voz e dados pela rede el\u00e9trica. As concession\u00e1rias Eletropaulo (S\u00e3o Paulo, SP), CELG (Goi\u00e2nia, GO), CEMIG (Belo Horizonte, MG), COPEL (Curitiba, PR) e Light (Rio de Janeiro, RJ), fizeram experi\u00eancias piloto, todas com sucesso. Em 2004 a FITec Inova\u00e7\u00f5es Tecnol\u00f3gicas, em conjunto com a CELG, Eletropaulo e APTEL (Associa\u00e7\u00e3o de Empresas Propriet\u00e1rias de Infra-estrutura e Sistemas Privados de Telecomunica\u00e7\u00f5es), tamb\u00e9m desenvolveu v\u00e1rias experi\u00eancias com sucesso, incluindo servi\u00e7os de acesso \u00e0 Internet e transmiss\u00e3o de dados e v\u00eddeo.<br><br>A experi\u00eancia mais recente, ainda em opera\u00e7\u00e3o, denominada Projeto Barreirinhas, consistiu na implanta\u00e7\u00e3o de uma \u2018Ilha Digital\u2019 na pequena localidade de Barreirinhas (MA), interligando escolas, prefeitura, postos de sa\u00fade e centro de artesanato \u00e0 Internet, via rede el\u00e9trica, com a tecnologia PLC.<br>Instalada em tempo recorde, usando integralmente infraestrutura de rede el\u00e9trica j\u00e1 existente, e acesso \u00e0 Internet atrav\u00e9s de antena GE SAC dispon\u00edvel no munic\u00edpio, este Projeto trouxe um reconhecido avan\u00e7o tecnol\u00f3gico, educacional, social e econ\u00f4mico ao munic\u00edpio de Barreirinhas, em apenas alguns meses, comprovando a potencialidade da tecnologia PLC.<br>&nbsp;<br>Em todas estas experi\u00eancias ficou evidente a simplicidade e rapidez com que se pode \u2018iluminar\u2019 uma regi\u00e3o, atrav\u00e9s da r\u00e1pida instala\u00e7\u00e3o dos equipamentos na rede el\u00e9trica j\u00e1 existente.&nbsp; Cabe ressaltar, neste aspecto, a grande capacidade de capital intelectual hoje instalada nas concession\u00e1rias de energia do pa\u00eds , distribu\u00edda de forma capilar e universal, preparada para a presta\u00e7\u00e3o de servi\u00e7os de diversas naturezas, que operam uma extensa rede f\u00edsica de energia, mantendo n\u00edvel de servi\u00e7o de alta disponibilidade. Estas equipes, de alto grau de profissionalismo, com um pequeno treinamento adicional, estariam capacitadas \u00e0 instala\u00e7\u00e3o e manuten\u00e7\u00e3o de servi\u00e7os de infraestrutura \u2018digital\u2019 sobre esta mesma rede.<br><br>A id\u00e9ia chave que a tecnologia PLC faz nascer na mente dos que se v\u00eam continuamente envolvidos em dar solu\u00e7\u00e3o \u00e0 complicada equa\u00e7\u00e3o da amplia\u00e7\u00e3o de servi\u00e7os em regi\u00f5es de dif\u00edcil retorno econ\u00f4mico \u00e9 aquela sintetizada na express\u00e3o \u2018compartilhamento de infraestrutura\u2019. Ou seja: utilizar ao m\u00e1ximo o potencial daquilo j\u00e1 investido para poder alcan\u00e7ar maior abrang\u00eancia de atendimento. J\u00e1 se chegou a isto no reuso dos postes. A proposta \u00e9 agora chegar aos fios e at\u00e9 mesmo \u00e0 tomada de energia el\u00e9trica.<br>Visto deste \u00e2ngulo, o desafio, este menos tecnol\u00f3gico do que da ado\u00e7\u00e3o de uma estrat\u00e9gia para o pa\u00eds, \u00e9 inverter a equa\u00e7\u00e3o e, partindo do \u2018mercado\u2019 potencial, ou seja, do percentual de brasileiros que se objetiva estarem \u2018conectados\u2019 num determinado horizonte, estabelecer metas de custo e propiciar o deslanche do sabido \u2018ganho de escala\u2019 que a ind\u00fastria eletr\u00f4nica propicia. S\u00f3 faltam os equipamentos pois, todo o resto est\u00e1 presente: a rede, que os equipamentos tratar\u00e3o de adaptar, e a capacidade de prover e operar o servi\u00e7o b\u00e1sico de infraestrutura de transporte digital, j\u00e1 existente nas concession\u00e1rias de energia.<br><br>A FITec, juntamente com a APTEL, tem trabalhado intensamente, objetivando criar esta oportunidade para o pa\u00eds. Recentemente coordenou proposta de parceria com a Comunidade Europ\u00e9ia, colocando o Brasil como o \u00fanico pa\u00eds fora da Comunidade Europ\u00e9ia para integrar o projeto OPERA (\u201cOpen PLC Euroepan Research Alliance\u201d) \u2013 projeto no \u00e2mbito do programa \u201cBroadband for ALL\u201d, das Tecnologias para a Sociedade de Informa\u00e7\u00e3o (IST) das atividades de pesquisa da Comunidade Europ\u00e9ia. O projeto OPERA, no per\u00edodo 2002-2006 tem por objetivos desenvolver uma nova gera\u00e7\u00e3o da tecnologia PLC (Power Line Communication) como uma alternativa de acesso para os servi\u00e7os de telecomunica\u00e7\u00f5es (utilizando a rede el\u00e9trica de baixa tens\u00e3o como meio de transmiss\u00e3o), de forma a permitir o acesso Banda Larga para todos os cidad\u00e3os europeus a custos acess\u00edveis, at\u00e9 2007.<br><br>Este projeto prev\u00ea uma an\u00e1lise de todo o sistema de telecomunica\u00e7\u00f5es, considera tamb\u00e9m os aspectos econ\u00f4micos e regulat\u00f3rios relacionados com a tecnologia e envolve 35 entidades entre concession\u00e1rias de energia, fabricantes e fornecedores de tecnologia, universidades, reguladores e operadoras de telecomunica\u00e7\u00f5es. O or\u00e7amento previsto para o per\u00edodo 2004\/2006 \u00e9 de 20 milh\u00f5es de Euros dos quais 9 milh\u00f5es financiados pela Uni\u00e3o Europ\u00e9ia.<br><br>A tecnologia PLC est\u00e1 madura, as redes el\u00e9tricas est\u00e3o dispon\u00edveis, as principais concession\u00e1rias do pa\u00eds est\u00e3o capacitadas a iniciar a implanta\u00e7\u00e3o de ilhas PLC em suas regi\u00f5es. O que falta para a explos\u00e3o destas experi\u00eancias? Apenas a defini\u00e7\u00e3o do modelo de neg\u00f3cios para a presta\u00e7\u00e3o de servi\u00e7os PLC, ou seja, do sistema de presta\u00e7\u00e3o de servi\u00e7os (forma de explora\u00e7\u00e3o dos servi\u00e7os) e do modelo tarif\u00e1rio. Definidas estas quest\u00f5es, nada segura essa tecnologia, que representa o verdadeiro \u201cunbundling\u201d definido e ansiado pelas Ag\u00eancias Reguladoras de Servi\u00e7os.<br><br>Os fatos acima, o grande n\u00famero de atividades e experi\u00eancias em andamento em todo o mundo, inclusive no Brasil, com a tecnologia PLC, os resultados j\u00e1 obtidos com esta tecnologia, as potencialidades da rede PLC para novos servi\u00e7os e, sobretudo, as grandes possibilidades desses servi\u00e7os poderem ser prestados a pre\u00e7os significativamente inferiores aos atuais, notadamente em virtude dos avan\u00e7os da eletr\u00f4nica e, sobretudo, por utilizarem infraestrutura de rede j\u00e1 instalada e de capilaridade universal, permitem a inclus\u00e3o da tecnologia PLC dentre aquelas com mais amplas possibilidades de revolucionar as comunica\u00e7\u00f5es e a inclus\u00e3o digital brasileira, em futuro muito pr\u00f3ximo, a conferir.<\/p>\n\n\n\n<p><strong>Fonte:&nbsp;<\/strong>teleco.com.br<\/p>\n","protected":false},"excerpt":{"rendered":"<p>15\/06\/2008 Por&nbsp;Aderbal Borges A Internet est\u00e1 se tornando, de forma crescente, uma ferramenta vital em nossa sociedade da informa\u00e7\u00e3o. A cada dia, mais pessoas buscam se<span class=\"excerpt-hellip\"> [\u2026]<\/span><\/p>\n","protected":false},"author":5,"featured_media":0,"comment_status":"open","ping_status":"open","sticky":false,"template":"","format":"standard","meta":{"footnotes":""},"categories":[8],"tags":[],"class_list":["post-251","post","type-post","status-publish","format-standard","hentry","category-artigos"],"_links":{"self":[{"href":"http:\/\/abee-mg.com.br\/abee\/index.php?rest_route=\/wp\/v2\/posts\/251","targetHints":{"allow":["GET"]}}],"collection":[{"href":"http:\/\/abee-mg.com.br\/abee\/index.php?rest_route=\/wp\/v2\/posts"}],"about":[{"href":"http:\/\/abee-mg.com.br\/abee\/index.php?rest_route=\/wp\/v2\/types\/post"}],"author":[{"embeddable":true,"href":"http:\/\/abee-mg.com.br\/abee\/index.php?rest_route=\/wp\/v2\/users\/5"}],"replies":[{"embeddable":true,"href":"http:\/\/abee-mg.com.br\/abee\/index.php?rest_route=%2Fwp%2Fv2%2Fcomments&post=251"}],"version-history":[{"count":1,"href":"http:\/\/abee-mg.com.br\/abee\/index.php?rest_route=\/wp\/v2\/posts\/251\/revisions"}],"predecessor-version":[{"id":252,"href":"http:\/\/abee-mg.com.br\/abee\/index.php?rest_route=\/wp\/v2\/posts\/251\/revisions\/252"}],"wp:attachment":[{"href":"http:\/\/abee-mg.com.br\/abee\/index.php?rest_route=%2Fwp%2Fv2%2Fmedia&parent=251"}],"wp:term":[{"taxonomy":"category","embeddable":true,"href":"http:\/\/abee-mg.com.br\/abee\/index.php?rest_route=%2Fwp%2Fv2%2Fcategories&post=251"},{"taxonomy":"post_tag","embeddable":true,"href":"http:\/\/abee-mg.com.br\/abee\/index.php?rest_route=%2Fwp%2Fv2%2Ftags&post=251"}],"curies":[{"name":"wp","href":"https:\/\/api.w.org\/{rel}","templated":true}]}}