{"id":829,"date":"2024-08-27T10:43:11","date_gmt":"2024-08-27T13:43:11","guid":{"rendered":"https:\/\/abee-mg.com.br\/abee\/?p=829"},"modified":"2024-10-01T21:51:40","modified_gmt":"2024-10-02T00:51:40","slug":"congresso-nacional-de-energias-renovaveis-mobilidade-sustentavel-e-descarbonizacao","status":"publish","type":"post","link":"http:\/\/abee-mg.com.br\/abee\/?p=829","title":{"rendered":"2o CONGRESSO NACIONAL DE ENERGIAS RENOV\u00c1VEIS, MOBILIDADE SUSTENT\u00c1VEL E DESCARBONIZA\u00c7\u00c3O"},"content":{"rendered":"\n<p>ATEN\u00c7\u00c3O: INSCRI\u00c7\u00d5ES ABERTAS<\/p>\n\n\n\n<p>Mais uma realizacao Diretoria da  ABEE-MG &#8211; Associacao Brasileira de Engenheiros Eletricistas<\/p>\n\n\n\n<p>Acontece nos dias 03 e 04 de setembro no CREA MG:<\/p>\n\n\n\n<p>CONGRESSO NACIONAL DE ENERGIAS RENOV\u00c1VEIS, MOBILIDADE SUSTENT\u00c1VEL E DESCARBONIZA\u00c7\u00c3O<\/p>\n\n\n\n<p>Participe e tenha acesso a um conte\u00fado de ponta, com networking exclusivo entre os maiores nomes do setor!<br>\u2714 + 12 pain\u00e9is<br>\u2714 + 30 congressistas<br>\u2714 Curso de Hands On &#8211; Oficina Pr\u00e1tica de um Ve\u00edculo El\u00e9trico<\/p>\n\n\n\n<p>P\u00fablico \u00e1vido por novidades e tend\u00eancias com disposi\u00e7\u00e3o para influenciar em seu meio social e profissional<\/p>\n\n\n\n<p>O Congresso \u00e9 presencial e o lote GRATUITO \u00e9 LIMITADO!<\/p>\n\n\n\n<p>Veja a programa\u00e7\u00e3o completa e garanta j\u00e1 a sua inscri\u00e7\u00e3o em:\u2935<\/p>\n\n\n\n<p>Contatos com o organizador do evento &#8211; Neste link: <a href=\"https:\/\/eventoampere.com.br\" target=\"_blank\" rel=\"noreferrer noopener\">https:\/\/eventoampere.com.br<\/a><\/p>\n\n\n\n<figure class=\"wp-block-embed is-type-wp-embed is-provider-m-dia-incorporada wp-block-embed-m-dia-incorporada\"><div class=\"wp-block-embed__wrapper\">\n<blockquote class=\"wp-embedded-content\" data-secret=\"kyX4PVxcfl\"><a href=\"https:\/\/eventoampere.com.br\/\">Evento Amp\u00e8re<\/a><\/blockquote><iframe loading=\"lazy\" class=\"wp-embedded-content\" sandbox=\"allow-scripts\" security=\"restricted\" style=\"position: absolute; clip: rect(1px, 1px, 1px, 1px);\" title=\"&#8220;Evento Amp\u00e8re&#8221; &#8212; \" src=\"https:\/\/eventoampere.com.br\/embed\/#?secret=D25A28IGpC#?secret=kyX4PVxcfl\" data-secret=\"kyX4PVxcfl\" width=\"600\" height=\"338\" frameborder=\"0\" marginwidth=\"0\" marginheight=\"0\" scrolling=\"no\"><\/iframe>\n<\/div><\/figure>\n\n\n\n<figure class=\"wp-block-embed is-type-wp-embed is-provider-m-dia-incorporada wp-block-embed-m-dia-incorporada\"><div class=\"wp-block-embed__wrapper\">\n<blockquote class=\"wp-embedded-content\" data-secret=\"kyX4PVxcfl\"><a href=\"https:\/\/eventoampere.com.br\/\">Evento Amp\u00e8re<\/a><\/blockquote><iframe loading=\"lazy\" class=\"wp-embedded-content\" sandbox=\"allow-scripts\" security=\"restricted\" style=\"position: absolute; clip: rect(1px, 1px, 1px, 1px);\" title=\"&#8220;Evento Amp\u00e8re&#8221; &#8212; \" src=\"https:\/\/eventoampere.com.br\/embed\/#?secret=D25A28IGpC#?secret=kyX4PVxcfl\" data-secret=\"kyX4PVxcfl\" width=\"600\" height=\"338\" frameborder=\"0\" marginwidth=\"0\" marginheight=\"0\" scrolling=\"no\"><\/iframe>\n<\/div><\/figure>\n\n\n\n<figure class=\"wp-block-image size-large\"><img loading=\"lazy\" decoding=\"async\" width=\"1024\" height=\"193\" src=\"http:\/\/abee-mg.com.br\/abee\/abee\/wp-content\/uploads\/2024\/08\/IMG-20240925-WA0018-1024x193.jpg\" alt=\"\" class=\"wp-image-845\" srcset=\"http:\/\/abee-mg.com.br\/abee\/abee\/wp-content\/uploads\/2024\/08\/IMG-20240925-WA0018-1024x193.jpg 1024w, http:\/\/abee-mg.com.br\/abee\/abee\/wp-content\/uploads\/2024\/08\/IMG-20240925-WA0018-300x57.jpg 300w, http:\/\/abee-mg.com.br\/abee\/abee\/wp-content\/uploads\/2024\/08\/IMG-20240925-WA0018-768x145.jpg 768w, http:\/\/abee-mg.com.br\/abee\/abee\/wp-content\/uploads\/2024\/08\/IMG-20240925-WA0018-260x49.jpg 260w, http:\/\/abee-mg.com.br\/abee\/abee\/wp-content\/uploads\/2024\/08\/IMG-20240925-WA0018-50x9.jpg 50w, http:\/\/abee-mg.com.br\/abee\/abee\/wp-content\/uploads\/2024\/08\/IMG-20240925-WA0018-150x28.jpg 150w, http:\/\/abee-mg.com.br\/abee\/abee\/wp-content\/uploads\/2024\/08\/IMG-20240925-WA0018.jpg 1366w\" sizes=\"auto, (max-width: 1024px) 100vw, 1024px\" \/><\/figure>\n","protected":false},"excerpt":{"rendered":"<p>ATEN\u00c7\u00c3O: INSCRI\u00c7\u00d5ES ABERTAS Mais uma realizacao Diretoria da ABEE-MG &#8211; Associacao Brasileira de Engenheiros Eletricistas Acontece nos dias 03 e 04 de setembro no CREA MG:<span class=\"excerpt-hellip\"> [\u2026]<\/span><\/p>\n","protected":false},"author":5,"featured_media":0,"comment_status":"open","ping_status":"open","sticky":true,"template":"","format":"standard","meta":{"footnotes":""},"categories":[8,9,10,11,12],"tags":[],"class_list":["post-829","post","type-post","status-publish","format-standard","hentry","category-artigos","category-cursos-e-eventos","category-lesgilacao-profissional","category-normas-tecnicas","category-noticias-conteudo"],"_links":{"self":[{"href":"http:\/\/abee-mg.com.br\/abee\/index.php?rest_route=\/wp\/v2\/posts\/829","targetHints":{"allow":["GET"]}}],"collection":[{"href":"http:\/\/abee-mg.com.br\/abee\/index.php?rest_route=\/wp\/v2\/posts"}],"about":[{"href":"http:\/\/abee-mg.com.br\/abee\/index.php?rest_route=\/wp\/v2\/types\/post"}],"author":[{"embeddable":true,"href":"http:\/\/abee-mg.com.br\/abee\/index.php?rest_route=\/wp\/v2\/users\/5"}],"replies":[{"embeddable":true,"href":"http:\/\/abee-mg.com.br\/abee\/index.php?rest_route=%2Fwp%2Fv2%2Fcomments&post=829"}],"version-history":[{"count":4,"href":"http:\/\/abee-mg.com.br\/abee\/index.php?rest_route=\/wp\/v2\/posts\/829\/revisions"}],"predecessor-version":[{"id":850,"href":"http:\/\/abee-mg.com.br\/abee\/index.php?rest_route=\/wp\/v2\/posts\/829\/revisions\/850"}],"wp:attachment":[{"href":"http:\/\/abee-mg.com.br\/abee\/index.php?rest_route=%2Fwp%2Fv2%2Fmedia&parent=829"}],"wp:term":[{"taxonomy":"category","embeddable":true,"href":"http:\/\/abee-mg.com.br\/abee\/index.php?rest_route=%2Fwp%2Fv2%2Fcategories&post=829"},{"taxonomy":"post_tag","embeddable":true,"href":"http:\/\/abee-mg.com.br\/abee\/index.php?rest_route=%2Fwp%2Fv2%2Ftags&post=829"}],"curies":[{"name":"wp","href":"https:\/\/api.w.org\/{rel}","templated":true}]}}